{"id":806,"date":"2021-09-08T12:01:18","date_gmt":"2021-09-08T12:01:18","guid":{"rendered":"http:\/\/www.avulssancona.it\/?p=806"},"modified":"2021-09-08T16:02:52","modified_gmt":"2021-09-08T16:02:52","slug":"newsletter-nr-43-federazione-avulss-odv","status":"publish","type":"post","link":"https:\/\/www.avulssancona.it\/?p=806","title":{"rendered":"NEWSLETTER NR. 43 FEDERAZIONE AVULSS ODV"},"content":{"rendered":"\n<figure id=\"ko_titleBlock_1\" class=\"wp-block-table\"><table><tbody><tr><td><em>Newsletter N. 43 settembre 2021<\/em><\/td><\/tr><\/tbody><\/table><figcaption><img decoding=\"async\" src=\"https:\/\/avulssfederazione.voxmail.it\/rsp\/pvtmx1\/if\/resize\/258,null\/rs\/content\/avulss%20%281%29.jpg?_d=682&amp;_c=bbbdb1dc\"><\/figcaption><\/figure>\n\n\n\n<p><\/p>\n\n\n\n<figure id=\"ko_hrBlock_4\" class=\"wp-block-table\"><table><tbody><tr><td><\/td><\/tr><\/tbody><\/table><\/figure>\n\n\n\n<figure id=\"ko_titleBlock_2\" class=\"wp-block-table\"><table><tbody><tr><td>NEWSLETTER DELLA<br>FEDERAZIONE AVULSS <img decoding=\"async\" src=\"https:\/\/avulssfederazione.voxmail.it\/rsp\/pvtmx1\/if\/resize\/570,null\/rs\/content\/images_foto_articoli_rimedi_naturali_erbe_officinali_margherita-campi-fiore__1_.jpg?_d=682&amp;_c=2c0f8d29\"><\/td><\/tr><\/tbody><\/table><\/figure>\n\n\n\n<figure id=\"ko_hrBlock_1\" class=\"wp-block-table\"><table><tbody><tr><td><\/td><\/tr><\/tbody><\/table><\/figure>\n\n\n\n<figure id=\"ko_imageBlock_3\" class=\"wp-block-table\"><table><tbody><tr><td><\/td><\/tr><\/tbody><\/table><\/figure>\n\n\n\n<figure id=\"ko_hrBlock_14\" class=\"wp-block-table\"><table><tbody><tr><td><\/td><\/tr><\/tbody><\/table><\/figure>\n\n\n\n<figure id=\"ko_titleBlock_10\" class=\"wp-block-table\"><table><tbody><tr><td><strong>PREMESSA A CURA DELLA FEDERAZIONE.<\/strong><\/td><\/tr><\/tbody><\/table><\/figure>\n\n\n\n<figure id=\"ko_textBlock_15\" class=\"wp-block-table\"><table><tbody><tr><td>Carissimi Volontari,approfittiamo della riflessione di Padre Gavotti sui No-vax, per chiarire la posizione della Federazione AVULSS sul tema, anche perch\u00e9 nell\u2019ultimo Direttivo si \u00e8 discusso molto dei compiti che un volontario svolge o potrebbe svolgere nelle istituzioni pubbliche e private, dove per poter entrare \u00e8 necessario essere vaccinati.Di qui deriva l\u2019obbligo, per chi vuole operare come Volontario, di essere coperto dalla vaccinazione con le due dosi. Chi non intende farlo o non pu\u00f2 farlo per motivi personali, non pu\u00f2 di conseguenza entrare nelle istituzioni protette.Questo non va considerato come una imposizione o una limitazione di libert\u00e0, ma un atto di rispetto nei confronti delle persone pi\u00f9 fragili: come ha ribadito il nostro presidente della Repubblica Sergio Mattarella \u201cvaccinarsi \u00e8 un dovere morale e civico\u201d.Siamo certi che la stragrande maggioranza di voi si sia gi\u00e0 fatta vaccinare, ma se ancora qualcuno \u00e8 dubbioso lo invitiamo caldamente a provvedere.Un grave avvenimento in questi giorni ci ha colpito ed \u00e8 la fuga di molti afgani dalla loro patria.Ci si interroga come intervenire in loro aiuto e cosa fare. Sappiamo che gi\u00e0 qualche Associazione Avulss si prepara ad accogliere qualche famiglia di rifugiati o ad aiutare queste persone prive di tutto.Premesso che ancora non sappiamo nulla su dove sono accolti e su come si intende procedere a livello governativo, precisiamo comunque, che interventi locali l\u00e0 dove \u00e8 possibile farli sono lodevoli perch\u00e9 vanno ad alleviare sofferenze indescrivibili.Interventi a livello di Federazione al momento non sono previsti.Un caro saluto a tutti e buona lettura.<br>iL Presidente      Il Segretario<br>Paolo Spinaci     Francesco Agrusti<\/td><\/tr><\/tbody><\/table><\/figure>\n","protected":false},"excerpt":{"rendered":"<p>Newsletter N. 43 settembre 2021 NEWSLETTER DELLAFEDERAZIONE AVULSS PREMESSA A CURA DELLA FEDERAZIONE. Carissimi Volontari,approfittiamo della riflessione di Padre Gavotti<\/p>\n","protected":false},"author":1,"featured_media":0,"comment_status":"closed","ping_status":"open","sticky":false,"template":"","format":"standard","meta":{"footnotes":""},"categories":[4],"tags":[],"class_list":["post-806","post","type-post","status-publish","format-standard","hentry","category-newsletter"],"_links":{"self":[{"href":"https:\/\/www.avulssancona.it\/index.php?rest_route=\/wp\/v2\/posts\/806"}],"collection":[{"href":"https:\/\/www.avulssancona.it\/index.php?rest_route=\/wp\/v2\/posts"}],"about":[{"href":"https:\/\/www.avulssancona.it\/index.php?rest_route=\/wp\/v2\/types\/post"}],"author":[{"embeddable":true,"href":"https:\/\/www.avulssancona.it\/index.php?rest_route=\/wp\/v2\/users\/1"}],"replies":[{"embeddable":true,"href":"https:\/\/www.avulssancona.it\/index.php?rest_route=%2Fwp%2Fv2%2Fcomments&post=806"}],"version-history":[{"count":3,"href":"https:\/\/www.avulssancona.it\/index.php?rest_route=\/wp\/v2\/posts\/806\/revisions"}],"predecessor-version":[{"id":815,"href":"https:\/\/www.avulssancona.it\/index.php?rest_route=\/wp\/v2\/posts\/806\/revisions\/815"}],"wp:attachment":[{"href":"https:\/\/www.avulssancona.it\/index.php?rest_route=%2Fwp%2Fv2%2Fmedia&parent=806"}],"wp:term":[{"taxonomy":"category","embeddable":true,"href":"https:\/\/www.avulssancona.it\/index.php?rest_route=%2Fwp%2Fv2%2Fcategories&post=806"},{"taxonomy":"post_tag","embeddable":true,"href":"https:\/\/www.avulssancona.it\/index.php?rest_route=%2Fwp%2Fv2%2Ftags&post=806"}],"curies":[{"name":"wp","href":"https:\/\/api.w.org\/{rel}","templated":true}]}}