{"id":820,"date":"2021-10-02T08:23:54","date_gmt":"2021-10-02T08:23:54","guid":{"rendered":"http:\/\/www.avulssancona.it\/?p=820"},"modified":"2021-10-02T08:23:57","modified_gmt":"2021-10-02T08:23:57","slug":"casa-sabrina-casa-accoglienza-fondazione-ospedale-salesi","status":"publish","type":"post","link":"https:\/\/www.avulssancona.it\/?p=820","title":{"rendered":"CASA SABRINA &#8211; CASA ACCOGLIENZA FONDAZIONE OSPEDALE SALESI"},"content":{"rendered":"\n<p>L&#8217;Ospedale Salesi \u00e8 sempre pi\u00f9 vicino alle famiglie dei suoi piccoli degenti. <\/p>\n\n\n\n<p>La Fondazione Salesi inaugura luned\u00ec 4 ottobre alle ore 12.00 la nuova Casa di Accoglienza \u201cCasa Sabrina\u201d, in via Cadore 5, a 10 minuti a piedi dal Presidio ospedaliero, 7 minuti in autobus.<\/p>\n\n\n\n<p>Nel darne l&#8217;annuncio, il presidente della Fondazione, \u00a0Antonello Maraldo, evidenzia quanto sia importante, per un bambino ricoverato, la vicinanza dei genitori o \u00a0dei familiari. \u00abFacilita il processo di guarigione e influisce positivamente sulla convalescenza del piccolo, \u00a0cos\u00ec come di pazienti ostetrico-ginecologiche. Di fronte alla malattia, \u00e8 importante che la famiglia sia unita, \u00a0si allei per superare meglio un particolare momento di fragilit\u00e0, dovuta alla malattia e\/o al ricovero \u00a0ospedaliero\u00bb.<\/p>\n\n\n\n<p>\u00a0La storia di \u201cCasa Sabrina\u201d risale al 2012, quando la Fondazione inaugur\u00f2 la prima, a Colle Ameno di \u00a0Ancona. Era stata aperta grazie alla donazione di Estra-Prometeo, in ricordo di Sabrina Sampaolesi, \u00a0collaboratrice dell\u2019azienda stessa, venuta improvvisamente e prematuramente a mancare. Si era poi \u00a0spostata, nel 2019, in un appartamento in via Monte Marino. Ora, la Fondazione Salesi ha scelto di \u00a0avvicinare ancora di pi\u00f9 la struttura di accoglienza, scegliendo, in una zona centralissima, a due passi \u00a0dall&#8217;Ospedale, questo appartamento, che pu\u00f2 accogliere fino a 6 ospiti in 3 camere doppie, con due bagni e \u00a0uno spazio comune per la cucina. Nonostante la sua centralit\u00e0, l\u2019immobile ha un posto auto riservato nel \u00a0piazzale condominiale, e ci sono ulteriori parcheggi gratuiti a pochi minuti di distanza.\u00a0<\/p>\n\n\n\n<p>\u00abAbbiamo assicurato questa accoglienza alle famiglie dei piccoli ricoverati, alle coppie in dolce attesa \u2013 fa \u00a0notare la direttrice della Fondazione Salesi, Laura Mazzanti &#8211; anche durante il lockdown, da marzo a maggio \u00a02020, sanificando l\u2019abitazione dopo ogni accesso. Per un primo periodo, metteremo la Casa di via Cadore a \u00a0disposizione di un nucleo familiare alla volta, richiedendo obbligatoriamente il green pass ai fruitori\u00bb.\u00a0<br>L&#8217;accoglienza non si limita all&#8217;ospitalit\u00e0 gratuita delle famiglie, ma si estende a un&#8217;assistenza a 360 gradi, a \u00a0disposizione anche per le piccole cose fino alla partenza, con un cellulare dedicato, una \u201cpiccola sicurezza\u201d \u00a0in caso di bisogno o per un semplice momento di condivisione.<\/p>\n\n\n\n<p><br>\u00a0<\/p>\n\n\n\n<p><\/p>\n","protected":false},"excerpt":{"rendered":"<p>L&#8217;Ospedale Salesi \u00e8 sempre pi\u00f9 vicino alle famiglie dei suoi piccoli degenti. La Fondazione Salesi inaugura luned\u00ec 4 ottobre alle<\/p>\n","protected":false},"author":1,"featured_media":0,"comment_status":"closed","ping_status":"open","sticky":false,"template":"","format":"standard","meta":{"footnotes":""},"categories":[3],"tags":[],"class_list":["post-820","post","type-post","status-publish","format-standard","hentry","category-notizie"],"_links":{"self":[{"href":"https:\/\/www.avulssancona.it\/index.php?rest_route=\/wp\/v2\/posts\/820"}],"collection":[{"href":"https:\/\/www.avulssancona.it\/index.php?rest_route=\/wp\/v2\/posts"}],"about":[{"href":"https:\/\/www.avulssancona.it\/index.php?rest_route=\/wp\/v2\/types\/post"}],"author":[{"embeddable":true,"href":"https:\/\/www.avulssancona.it\/index.php?rest_route=\/wp\/v2\/users\/1"}],"replies":[{"embeddable":true,"href":"https:\/\/www.avulssancona.it\/index.php?rest_route=%2Fwp%2Fv2%2Fcomments&post=820"}],"version-history":[{"count":1,"href":"https:\/\/www.avulssancona.it\/index.php?rest_route=\/wp\/v2\/posts\/820\/revisions"}],"predecessor-version":[{"id":821,"href":"https:\/\/www.avulssancona.it\/index.php?rest_route=\/wp\/v2\/posts\/820\/revisions\/821"}],"wp:attachment":[{"href":"https:\/\/www.avulssancona.it\/index.php?rest_route=%2Fwp%2Fv2%2Fmedia&parent=820"}],"wp:term":[{"taxonomy":"category","embeddable":true,"href":"https:\/\/www.avulssancona.it\/index.php?rest_route=%2Fwp%2Fv2%2Fcategories&post=820"},{"taxonomy":"post_tag","embeddable":true,"href":"https:\/\/www.avulssancona.it\/index.php?rest_route=%2Fwp%2Fv2%2Ftags&post=820"}],"curies":[{"name":"wp","href":"https:\/\/api.w.org\/{rel}","templated":true}]}}